{"id":2012,"date":"2008-01-13T20:46:20","date_gmt":"2008-01-13T18:46:20","guid":{"rendered":"http:\/\/tcms-ski.fr\/?p=2012"},"modified":"2018-05-14T10:12:48","modified_gmt":"2018-05-14T08:12:48","slug":"sorties-ski-de-randonnee-des-12-et-13-janvier-2008","status":"publish","type":"post","link":"https:\/\/tcms-ski.fr\/?p=2012","title":{"rendered":"Sorties Ski de randonn\u00e9e des 12 et 13 janvier 2008"},"content":{"rendered":"<p>Le w.e devait nous amener initialement pour le samedi au Soum des Salettes (2976 m) et au Pic de Bataillence (2604 m) le dimanche.<\/p>\n<p>En compagnie de Jean-Paul, Jean-Fran\u00e7ois, Thierry et Gilles, je constate qu&rsquo;\u00e0 la suite des fortes chutes de neige de la nuit dans le secteur (40 \u00e0 50 cm) qu&rsquo;il n&rsquo;est pas tr\u00e8s prudent de partir sous les cr\u00eates du Campbiel. Je d\u00e9cide donc de redescendre et d&rsquo;aller faire le Pic d&rsquo;Aubas (proximit\u00e9 du Pic de Cuneille). Ce secteur est moins expos\u00e9. A notre grand d\u00e9sespoir la pente terminale n&rsquo;est pas assez enneig\u00e9e pour envisager une descente sans risque pour le mat\u00e9riel (pente souffl\u00e9e et donc peu de neige). Nous piqueniquons \u00e0 la cabane du Cortail de Prat. Ensuite nous redescendons sans faire une descente exceptionnelle. Bref, nous nous r\u00e9confortons une fois de retour sur St Lary devant une bi\u00e8re pour certains ou un chocolat chaud pour d&rsquo;autres. Ne comptez pas sur moi pour donner les noms des buveurs de bi\u00e8re&#8230; Apr\u00e8s le moment de r\u00e9confort, Jean-Fran\u00e7ois, Thierry et Gilles nous quittent pour rentrer sur Toulouse.<\/p>\n<p>Je reste donc avec Jean-Paul pour aller faire le Montious (vall\u00e9e du Louron) le lendemain. Apr\u00e8s un bon d\u00eener et une bonne nuit au Refuge (g\u00eete au centre de St Lary), nous partons vers le village de Cazaux Dessus pour d\u00e9marrer la randonn\u00e9e \u00e0 destination du Montious. Comme la veille, je renonce \u00e0 atteindre le sommet par manque de neige m\u00eame si les chutes du jour pr\u00e9c\u00e9dent ont reblanchi nos belles montagnes. Pas assez car la sous-couche avait disparu.<\/p>\n<p>En conclusion, tout le monde \u00e9tait quand m\u00eame satisfait de la sortie. En effet, nous pouvions dire que nous avions fait mieux que l&rsquo;ann\u00e9e derni\u00e8re&#8230; au nombre des sorties et fait tout de m\u00eame du foncier sur ces 2 jours.<\/p>\n<p><em><strong>St\u00e9phane<\/strong><\/em><\/p>\n","protected":false},"excerpt":{"rendered":"<p>Le w.e devait nous amener initialement pour le samedi au Soum des Salettes (2976 m) et au Pic de Bataillence (2604 m) le dimanche. En compagnie de Jean-Paul, Jean-Fran\u00e7ois, Thierry et Gilles, je constate qu&rsquo;\u00e0 la suite des fortes chutes de neige de la nuit dans le secteur (40 \u00e0 50 cm) qu&rsquo;il n&rsquo;est pas&#8230;<\/p>\n","protected":false},"author":3,"featured_media":0,"comment_status":"closed","ping_status":"closed","sticky":false,"template":"","format":"standard","meta":{"footnotes":""},"categories":[3],"tags":[],"class_list":["post-2012","post","type-post","status-publish","format-standard","hentry","category-comptes-rendus"],"_links":{"self":[{"href":"https:\/\/tcms-ski.fr\/index.php?rest_route=\/wp\/v2\/posts\/2012","targetHints":{"allow":["GET"]}}],"collection":[{"href":"https:\/\/tcms-ski.fr\/index.php?rest_route=\/wp\/v2\/posts"}],"about":[{"href":"https:\/\/tcms-ski.fr\/index.php?rest_route=\/wp\/v2\/types\/post"}],"author":[{"embeddable":true,"href":"https:\/\/tcms-ski.fr\/index.php?rest_route=\/wp\/v2\/users\/3"}],"replies":[{"embeddable":true,"href":"https:\/\/tcms-ski.fr\/index.php?rest_route=%2Fwp%2Fv2%2Fcomments&post=2012"}],"version-history":[{"count":1,"href":"https:\/\/tcms-ski.fr\/index.php?rest_route=\/wp\/v2\/posts\/2012\/revisions"}],"predecessor-version":[{"id":2013,"href":"https:\/\/tcms-ski.fr\/index.php?rest_route=\/wp\/v2\/posts\/2012\/revisions\/2013"}],"wp:attachment":[{"href":"https:\/\/tcms-ski.fr\/index.php?rest_route=%2Fwp%2Fv2%2Fmedia&parent=2012"}],"wp:term":[{"taxonomy":"category","embeddable":true,"href":"https:\/\/tcms-ski.fr\/index.php?rest_route=%2Fwp%2Fv2%2Fcategories&post=2012"},{"taxonomy":"post_tag","embeddable":true,"href":"https:\/\/tcms-ski.fr\/index.php?rest_route=%2Fwp%2Fv2%2Ftags&post=2012"}],"curies":[{"name":"wp","href":"https:\/\/api.w.org\/{rel}","templated":true}]}}