{"id":2067,"date":"2007-09-01T14:04:00","date_gmt":"2007-09-01T12:04:00","guid":{"rendered":"http:\/\/tcms-ski.fr\/?p=2067"},"modified":"2018-05-14T14:08:21","modified_gmt":"2018-05-14T12:08:21","slug":"sortie-canyon-du-1er-septembre-2007","status":"publish","type":"post","link":"https:\/\/tcms-ski.fr\/?p=2067","title":{"rendered":"Sortie Canyon du 1er septembre 2007"},"content":{"rendered":"<p>Lieu Ari\u00e8ge vall\u00e9e du Vicdessos<br \/>\nCanyon de \u00ab\u00a0L&rsquo;Artigue\u00a0\u00bb.<br \/>\nCadres Canyons : J\u00e9r\u00f4me LAUMOND<br \/>\n3 participantes :<br \/>\nSamedi : St\u00e9phanie, Jennifer et Cathy.<\/p>\n<p>D\u00e9part vendredi soir direction la vall\u00e9e du Vicdessos au dessus du village de Marc arriv\u00e9e \u00e0 l&rsquo;ancien chalet du Montcalm, nous pausons le bivouac \u00e0 cet endroit.<br \/>\nSamedi matin avec 8\u00b0C mais une belle journ\u00e9e qui s&rsquo;annonce. D\u00e9part un peu au-dessus pour l&rsquo;approche du Canyon de l&rsquo;Artigue (45mn). Tr\u00e8s belle descente dans un superbe paysage de montagne. Il s&rsquo;agit d&rsquo;un torrent de montagne, l&rsquo;eau y est assez froide, et les mouvements peuvent surprendre et poser des probl\u00e8mes. Ce n&rsquo;est pas comme il y a quinze jours le canyon est bien connu par St\u00e9phanie et J\u00e9r\u00f4me. Jenny deuxi\u00e8me sorties mais toujours en initiation et Cathy d\u00e9couverte de l&rsquo;activit\u00e9, initiation. Une descente toujours aussi ludique le grand toboggan pousse bien les descentes sous cascade gonfle les chaussures \ud83d\ude09 (il n&rsquo;y a que St\u00e9phanie qui la descendu).<\/p>\n<p>&nbsp;<\/p>\n<p>A bient\u00f4t dans les vasques.<\/p>\n<p><em><strong>J\u00e9r\u00f4me<\/strong><\/em><\/p>\n","protected":false},"excerpt":{"rendered":"<p>Lieu Ari\u00e8ge vall\u00e9e du Vicdessos Canyon de \u00ab\u00a0L&rsquo;Artigue\u00a0\u00bb. Cadres Canyons : J\u00e9r\u00f4me LAUMOND 3 participantes : Samedi : St\u00e9phanie, Jennifer et Cathy. D\u00e9part vendredi soir direction la vall\u00e9e du Vicdessos au dessus du village de Marc arriv\u00e9e \u00e0 l&rsquo;ancien chalet du Montcalm, nous pausons le bivouac \u00e0 cet endroit. Samedi matin avec 8\u00b0C mais une&#8230;<\/p>\n","protected":false},"author":3,"featured_media":0,"comment_status":"closed","ping_status":"closed","sticky":false,"template":"","format":"standard","meta":{"footnotes":""},"categories":[3],"tags":[],"class_list":["post-2067","post","type-post","status-publish","format-standard","hentry","category-comptes-rendus"],"_links":{"self":[{"href":"https:\/\/tcms-ski.fr\/index.php?rest_route=\/wp\/v2\/posts\/2067","targetHints":{"allow":["GET"]}}],"collection":[{"href":"https:\/\/tcms-ski.fr\/index.php?rest_route=\/wp\/v2\/posts"}],"about":[{"href":"https:\/\/tcms-ski.fr\/index.php?rest_route=\/wp\/v2\/types\/post"}],"author":[{"embeddable":true,"href":"https:\/\/tcms-ski.fr\/index.php?rest_route=\/wp\/v2\/users\/3"}],"replies":[{"embeddable":true,"href":"https:\/\/tcms-ski.fr\/index.php?rest_route=%2Fwp%2Fv2%2Fcomments&post=2067"}],"version-history":[{"count":1,"href":"https:\/\/tcms-ski.fr\/index.php?rest_route=\/wp\/v2\/posts\/2067\/revisions"}],"predecessor-version":[{"id":2068,"href":"https:\/\/tcms-ski.fr\/index.php?rest_route=\/wp\/v2\/posts\/2067\/revisions\/2068"}],"wp:attachment":[{"href":"https:\/\/tcms-ski.fr\/index.php?rest_route=%2Fwp%2Fv2%2Fmedia&parent=2067"}],"wp:term":[{"taxonomy":"category","embeddable":true,"href":"https:\/\/tcms-ski.fr\/index.php?rest_route=%2Fwp%2Fv2%2Fcategories&post=2067"},{"taxonomy":"post_tag","embeddable":true,"href":"https:\/\/tcms-ski.fr\/index.php?rest_route=%2Fwp%2Fv2%2Ftags&post=2067"}],"curies":[{"name":"wp","href":"https:\/\/api.w.org\/{rel}","templated":true}]}}